{"id":11740,"date":"2023-06-02T23:14:35","date_gmt":"2023-06-02T23:14:35","guid":{"rendered":"https:\/\/profalkielce.pl\/normes-pour-les-portes-exterieures\/"},"modified":"2023-06-02T23:14:35","modified_gmt":"2023-06-02T23:14:35","slug":"normes-pour-les-portes-exterieures","status":"publish","type":"post","link":"https:\/\/profalkielce.pl\/fr\/normes-pour-les-portes-exterieures\/","title":{"rendered":"Normes pour les portes ext\u00e9rieures"},"content":{"rendered":"<p><strong>Les portes ext\u00e9rieures<\/strong> sont une vitrine de la maison, elles doivent donc non seulement \u00eatre esth\u00e9tiquement m\u00e9lang\u00e9es \u00e0 la fa\u00e7ade du b\u00e2timent, mais \u00e9galement supprimer le bruit de l\u2019ext\u00e9rieur et fournir une isolation thermique ad\u00e9quate. <strong>Les portes ext\u00e9rieures<\/strong> doivent \u00e9galement \u00eatre solidement faites, prot\u00e9geant contre le cambriolage. Quelles <strong>normes de construction<\/strong> de portes devrions-nous prendre en compte lors du choix de la porte ext\u00e9rieure parfaite?<\/p>\n<h2>Normes de construction fen\u00eatres et portes<\/h2>\n<p>La menuiserie des fen\u00eatres et des portes doit r\u00e9pondre \u00e0 certaines normes de construction, qui sont sp\u00e9cifi\u00e9es par les r\u00e9glementations pertinentes. Ces normes pr\u00e9cisent les types de <strong>portes<\/strong> et les dimensions qu\u2019elles doivent avoir pour \u00eatre approuv\u00e9es pour l\u2019utilisation. Les <strong>normes de construction<\/strong> actuelles pour les portes stipulent que les <strong>portes ext\u00e9rieures<\/strong> doivent avoir au moins 90 cm de large et 200 cm de haut \u00e0 la lumi\u00e8re du cadre, et que la hauteur du seuil ne doit pas d\u00e9passer 2 cm. Ce sont les dimensions minimales qui permettent <strong>l\u2019utilisation<\/strong> des portes par les personnes handicap\u00e9es et permettent \u00e0 un landau de les traverser. Bien s\u00fbr, <strong>les dimensions<\/strong> de la porte peuvent \u00eatre plus grandes que celles indiqu\u00e9es ci-dessus, la hauteur standard de <strong>la porte dans les<\/strong> appartements de d\u00e9veloppement est en moyenne de 210 cm. Il convient d\u2019y pr\u00eater attention au stade de la conception de la maison, car il est alors n\u00e9cessaire de faire une ouverture de porte plus grande au stade des premiers travaux de construction. Cependant, les normes de construction de la porte ne sp\u00e9cifient pas la position de la poign\u00e9e dans la porte <strong>ext\u00e9rieure<\/strong>, de sorte que la <strong>hauteur de la poign\u00e9e de porte d\u00e9pend de<\/strong> vos pr\u00e9f\u00e9rences.<strong><\/strong> La distance standard de la poign\u00e9e par rapport au sol est de 1 m, mais si des enfants ou des personnes de grande taille vivent dans la maison, vous pouvez manipuler la hauteur de la poign\u00e9e.<\/p>\n<h2>Coefficient de transfert de chaleur de porte &#8211; standard<\/h2>\n<p>Lorsque vous choisissez <strong>une porte ext\u00e9rieure<\/strong> de la maison, vous devez faire attention \u00e0 l\u2019isolation thermique, car elle d\u00e9termine la perte de chaleur et, en fin de compte, le montant des factures de chauffage. Selon les normes applicables, le coefficient de transfert de chaleur dans le cas des <strong>portes ext\u00e9rieures<\/strong> ne doit pas d\u00e9passer 1,3 W \/ (m2). K). Avant de choisir des<strong> portes ext\u00e9rieures<\/strong> sp\u00e9cifiques, il est pr\u00e9f\u00e9rable d\u2019\u00e9valuer soigneusement la structure, les mat\u00e9riaux \u00e0 partir desquels la <strong>porte<\/strong> a \u00e9t\u00e9 fabriqu\u00e9e, ainsi que la combinaison appropri\u00e9e de tous les \u00e9l\u00e9ments. Il convient \u00e9galement de rappeler que le coefficient de transfert de chaleur est influenc\u00e9 par l\u2019installation correcte des <strong>portes ext\u00e9rieures<\/strong>, il convient donc de faire appel \u00e0 une aide professionnelle dans ce domaine. <strong>Les normes de construction des portes <\/strong>, en plus du coefficient de transfert de chaleur, d\u00e9terminent \u00e9galement l\u2019isolation acoustique. L\u2019isolation acoustique admissible la plus faible devrait \u00eatre de 25 dB, ce qui signifie que <strong>les portes ext\u00e9rieures<\/strong> suppriment le bruit de cette intensit\u00e9. Dans le cas de ce param\u00e8tre, il vaut la peine d\u2019\u00eatre aussi haut que possible, gr\u00e2ce auquel aucun bruit de la rue ne p\u00e9n\u00e9trera \u00e0 l\u2019int\u00e9rieur de la maison ou de l\u2019appartement, ce qui assurera la paix et le confort aux membres du m\u00e9nage.<\/p>\n<h2>Normes pour les portes ext\u00e9rieures<\/h2>\n<p><strong>Les normes de construction des portes<\/strong> sp\u00e9cifient \u00e9galement les mat\u00e9riaux \u00e0 partir desquels elles peuvent \u00eatre fabriqu\u00e9es. <strong>Les portes ext\u00e9rieures<\/strong> doivent \u00eatre r\u00e9sistantes \u00e0 l\u2019installation et \u00e0 une utilisation quotidienne, m\u00eame intensive. Pour la fabrication <strong>de portes ext\u00e9rieures, l\u2019aluminium, l\u2019acier <\/strong>, le bois coll\u00e9, le PVC ou le composite sont utilis\u00e9s. Le plus souvent, cependant, les portes en <strong>aluminium<\/strong>, en acier et en bois sont fabriqu\u00e9es, car elles offrent durabilit\u00e9 et r\u00e9sistance. Le choix des <strong>portes <\/strong>sp\u00e9cifiques doit tenir compte des conditions de fonctionnement et de la fr\u00e9quence d\u2019utilisation. Pour les endroits \u00e0 fort trafic,<strong> les portes<\/strong> en aluminium et en acier fonctionneront certainement mieux. <strong>Les normes pour les portes ext\u00e9rieures<\/strong> pr\u00e9cisent les param\u00e8tres que chaque unit\u00e9 doit avoir. <strong>Les normes de construction<\/strong> de portes visent principalement \u00e0 assurer la s\u00e9curit\u00e9 et l\u2019utilisation confortable des <strong>portes ext\u00e9rieures<\/strong>.<\/p>\n","protected":false},"excerpt":{"rendered":"<p>Les portes ext\u00e9rieures sont une vitrine de la maison, elles doivent donc non seulement \u00eatre esth\u00e9tiquement m\u00e9lang\u00e9es \u00e0 la fa\u00e7ade du b\u00e2timent, mais \u00e9galement supprimer le bruit de l\u2019ext\u00e9rieur et fournir une isolation thermique ad\u00e9quate. Les portes ext\u00e9rieures doivent \u00e9galement \u00eatre solidement faites, prot\u00e9geant contre le cambriolage. Quelles normes de construction de portes devrions-nous prendre [&hellip;]<\/p>\n","protected":false},"author":6,"featured_media":6244,"comment_status":"open","ping_status":"open","sticky":false,"template":"","format":"standard","meta":{"footnotes":""},"categories":[46],"tags":[],"class_list":["post-11740","post","type-post","status-publish","format-standard","has-post-thumbnail","hentry","category-non-classifiee"],"yoast_head":"<!-- This site is optimized with the Yoast SEO plugin v27.3 - https:\/\/yoast.com\/product\/yoast-seo-wordpress\/ -->\n<title>Normes pour les portes ext\u00e9rieures | Profal<\/title>\n<meta name=\"robots\" content=\"index, follow, max-snippet:-1, max-image-preview:large, max-video-preview:-1\" \/>\n<link rel=\"canonical\" href=\"https:\/\/profalkielce.pl\/fr\/normes-pour-les-portes-exterieures\/\" \/>\n<meta property=\"og:locale\" content=\"fr_FR\" \/>\n<meta property=\"og:type\" content=\"article\" \/>\n<meta property=\"og:title\" content=\"Normes pour les portes ext\u00e9rieures | Profal\" \/>\n<meta property=\"og:description\" content=\"Les portes ext\u00e9rieures sont une vitrine de la maison, elles doivent donc non seulement \u00eatre esth\u00e9tiquement m\u00e9lang\u00e9es \u00e0 la fa\u00e7ade du b\u00e2timent, mais \u00e9galement supprimer le bruit de l\u2019ext\u00e9rieur et fournir une isolation thermique ad\u00e9quate. Les portes ext\u00e9rieures doivent \u00e9galement \u00eatre solidement faites, prot\u00e9geant contre le cambriolage. Quelles normes de construction de portes devrions-nous prendre [&hellip;]\" \/>\n<meta property=\"og:url\" content=\"https:\/\/profalkielce.pl\/fr\/normes-pour-les-portes-exterieures\/\" \/>\n<meta property=\"og:site_name\" content=\"Profal\" \/>\n<meta property=\"article:publisher\" content=\"https:\/\/www.facebook.com\/fabrykaprofalkielce\" \/>\n<meta property=\"article:published_time\" content=\"2023-06-02T23:14:35+00:00\" \/>\n<meta property=\"og:image\" content=\"https:\/\/profalkielce.pl\/wp-content\/uploads\/2023\/07\/colorful-doors-blue-and-white-front-doors-in-a-vi-2022-05-14-08-37-31-utc.jpg\" \/>\n\t<meta property=\"og:image:width\" content=\"1000\" \/>\n\t<meta property=\"og:image:height\" content=\"727\" \/>\n\t<meta property=\"og:image:type\" content=\"image\/jpeg\" \/>\n<meta name=\"author\" content=\"Marcin\" \/>\n<meta name=\"twitter:card\" content=\"summary_large_image\" \/>\n<meta name=\"twitter:label1\" content=\"\u00c9crit par\" \/>\n\t<meta name=\"twitter:data1\" content=\"Marcin\" \/>\n\t<meta name=\"twitter:label2\" content=\"Dur\u00e9e de lecture estim\u00e9e\" \/>\n\t<meta name=\"twitter:data2\" content=\"4 minutes\" \/>\n<script type=\"application\/ld+json\" class=\"yoast-schema-graph\">{\"@context\":\"https:\\\/\\\/schema.org\",\"@graph\":[{\"@type\":\"Article\",\"@id\":\"https:\\\/\\\/profalkielce.pl\\\/fr\\\/normes-pour-les-portes-exterieures\\\/#article\",\"isPartOf\":{\"@id\":\"https:\\\/\\\/profalkielce.pl\\\/fr\\\/normes-pour-les-portes-exterieures\\\/\"},\"author\":{\"name\":\"Marcin\",\"@id\":\"https:\\\/\\\/profalkielce.pl\\\/fr\\\/#\\\/schema\\\/person\\\/5361fee45f3284bb59340f61e219cea0\"},\"headline\":\"Normes pour les portes ext\u00e9rieures\",\"datePublished\":\"2023-06-02T23:14:35+00:00\",\"mainEntityOfPage\":{\"@id\":\"https:\\\/\\\/profalkielce.pl\\\/fr\\\/normes-pour-les-portes-exterieures\\\/\"},\"wordCount\":750,\"commentCount\":0,\"publisher\":{\"@id\":\"https:\\\/\\\/profalkielce.pl\\\/fr\\\/#organization\"},\"image\":{\"@id\":\"https:\\\/\\\/profalkielce.pl\\\/fr\\\/normes-pour-les-portes-exterieures\\\/#primaryimage\"},\"thumbnailUrl\":\"https:\\\/\\\/profalkielce.pl\\\/wp-content\\\/uploads\\\/2023\\\/07\\\/colorful-doors-blue-and-white-front-doors-in-a-vi-2022-05-14-08-37-31-utc.jpg\",\"articleSection\":[\"Non classifi\u00e9(e)\"],\"inLanguage\":\"fr-FR\",\"potentialAction\":[{\"@type\":\"CommentAction\",\"name\":\"Comment\",\"target\":[\"https:\\\/\\\/profalkielce.pl\\\/fr\\\/normes-pour-les-portes-exterieures\\\/#respond\"]}]},{\"@type\":\"WebPage\",\"@id\":\"https:\\\/\\\/profalkielce.pl\\\/fr\\\/normes-pour-les-portes-exterieures\\\/\",\"url\":\"https:\\\/\\\/profalkielce.pl\\\/fr\\\/normes-pour-les-portes-exterieures\\\/\",\"name\":\"Normes pour les portes ext\u00e9rieures | Profal\",\"isPartOf\":{\"@id\":\"https:\\\/\\\/profalkielce.pl\\\/fr\\\/#website\"},\"primaryImageOfPage\":{\"@id\":\"https:\\\/\\\/profalkielce.pl\\\/fr\\\/normes-pour-les-portes-exterieures\\\/#primaryimage\"},\"image\":{\"@id\":\"https:\\\/\\\/profalkielce.pl\\\/fr\\\/normes-pour-les-portes-exterieures\\\/#primaryimage\"},\"thumbnailUrl\":\"https:\\\/\\\/profalkielce.pl\\\/wp-content\\\/uploads\\\/2023\\\/07\\\/colorful-doors-blue-and-white-front-doors-in-a-vi-2022-05-14-08-37-31-utc.jpg\",\"datePublished\":\"2023-06-02T23:14:35+00:00\",\"breadcrumb\":{\"@id\":\"https:\\\/\\\/profalkielce.pl\\\/fr\\\/normes-pour-les-portes-exterieures\\\/#breadcrumb\"},\"inLanguage\":\"fr-FR\",\"potentialAction\":[{\"@type\":\"ReadAction\",\"target\":[\"https:\\\/\\\/profalkielce.pl\\\/fr\\\/normes-pour-les-portes-exterieures\\\/\"]}]},{\"@type\":\"ImageObject\",\"inLanguage\":\"fr-FR\",\"@id\":\"https:\\\/\\\/profalkielce.pl\\\/fr\\\/normes-pour-les-portes-exterieures\\\/#primaryimage\",\"url\":\"https:\\\/\\\/profalkielce.pl\\\/wp-content\\\/uploads\\\/2023\\\/07\\\/colorful-doors-blue-and-white-front-doors-in-a-vi-2022-05-14-08-37-31-utc.jpg\",\"contentUrl\":\"https:\\\/\\\/profalkielce.pl\\\/wp-content\\\/uploads\\\/2023\\\/07\\\/colorful-doors-blue-and-white-front-doors-in-a-vi-2022-05-14-08-37-31-utc.jpg\",\"width\":1000,\"height\":727,\"caption\":\"systemy drzwiowe profal\"},{\"@type\":\"BreadcrumbList\",\"@id\":\"https:\\\/\\\/profalkielce.pl\\\/fr\\\/normes-pour-les-portes-exterieures\\\/#breadcrumb\",\"itemListElement\":[{\"@type\":\"ListItem\",\"position\":1,\"name\":\"Strona g\u0142\u00f3wna\",\"item\":\"https:\\\/\\\/profalkielce.pl\\\/fr\\\/profal\\\/\"},{\"@type\":\"ListItem\",\"position\":2,\"name\":\"Normes pour les portes ext\u00e9rieures\"}]},{\"@type\":\"WebSite\",\"@id\":\"https:\\\/\\\/profalkielce.pl\\\/fr\\\/#website\",\"url\":\"https:\\\/\\\/profalkielce.pl\\\/fr\\\/\",\"name\":\"Profal Kielce\",\"description\":\"Aluminiowe systemy okienne i drzwiowe\",\"publisher\":{\"@id\":\"https:\\\/\\\/profalkielce.pl\\\/fr\\\/#organization\"},\"potentialAction\":[{\"@type\":\"SearchAction\",\"target\":{\"@type\":\"EntryPoint\",\"urlTemplate\":\"https:\\\/\\\/profalkielce.pl\\\/fr\\\/?s={search_term_string}\"},\"query-input\":{\"@type\":\"PropertyValueSpecification\",\"valueRequired\":true,\"valueName\":\"search_term_string\"}}],\"inLanguage\":\"fr-FR\"},{\"@type\":\"Organization\",\"@id\":\"https:\\\/\\\/profalkielce.pl\\\/fr\\\/#organization\",\"name\":\"Profal Kielce\",\"url\":\"https:\\\/\\\/profalkielce.pl\\\/fr\\\/\",\"logo\":{\"@type\":\"ImageObject\",\"inLanguage\":\"fr-FR\",\"@id\":\"https:\\\/\\\/profalkielce.pl\\\/fr\\\/#\\\/schema\\\/logo\\\/image\\\/\",\"url\":\"https:\\\/\\\/profalkielce.pl\\\/wp-content\\\/uploads\\\/2023\\\/05\\\/PROFAL-LOGO-White.svg\",\"contentUrl\":\"https:\\\/\\\/profalkielce.pl\\\/wp-content\\\/uploads\\\/2023\\\/05\\\/PROFAL-LOGO-White.svg\",\"width\":640,\"height\":200,\"caption\":\"Profal Kielce\"},\"image\":{\"@id\":\"https:\\\/\\\/profalkielce.pl\\\/fr\\\/#\\\/schema\\\/logo\\\/image\\\/\"},\"sameAs\":[\"https:\\\/\\\/www.facebook.com\\\/fabrykaprofalkielce\",\"https:\\\/\\\/www.instagram.com\\\/profalkielce\\\/\",\"http:\\\/\\\/www.linkedin.com\\\/company\\\/profal-kielce\"]},{\"@type\":\"Person\",\"@id\":\"https:\\\/\\\/profalkielce.pl\\\/fr\\\/#\\\/schema\\\/person\\\/5361fee45f3284bb59340f61e219cea0\",\"name\":\"Marcin\",\"image\":{\"@type\":\"ImageObject\",\"inLanguage\":\"fr-FR\",\"@id\":\"https:\\\/\\\/secure.gravatar.com\\\/avatar\\\/9899efda1e7f39c6f5afce851e0fc76f4d9fde347997681ee7a94d490ab8884b?s=96&d=mm&r=g\",\"url\":\"https:\\\/\\\/secure.gravatar.com\\\/avatar\\\/9899efda1e7f39c6f5afce851e0fc76f4d9fde347997681ee7a94d490ab8884b?s=96&d=mm&r=g\",\"contentUrl\":\"https:\\\/\\\/secure.gravatar.com\\\/avatar\\\/9899efda1e7f39c6f5afce851e0fc76f4d9fde347997681ee7a94d490ab8884b?s=96&d=mm&r=g\",\"caption\":\"Marcin\"},\"url\":\"https:\\\/\\\/profalkielce.pl\\\/fr\\\/author\\\/marcin\\\/\"}]}<\/script>\n<!-- \/ Yoast SEO plugin. -->","yoast_head_json":{"title":"Normes pour les portes ext\u00e9rieures | Profal","robots":{"index":"index","follow":"follow","max-snippet":"max-snippet:-1","max-image-preview":"max-image-preview:large","max-video-preview":"max-video-preview:-1"},"canonical":"https:\/\/profalkielce.pl\/fr\/normes-pour-les-portes-exterieures\/","og_locale":"fr_FR","og_type":"article","og_title":"Normes pour les portes ext\u00e9rieures | Profal","og_description":"Les portes ext\u00e9rieures sont une vitrine de la maison, elles doivent donc non seulement \u00eatre esth\u00e9tiquement m\u00e9lang\u00e9es \u00e0 la fa\u00e7ade du b\u00e2timent, mais \u00e9galement supprimer le bruit de l\u2019ext\u00e9rieur et fournir une isolation thermique ad\u00e9quate. Les portes ext\u00e9rieures doivent \u00e9galement \u00eatre solidement faites, prot\u00e9geant contre le cambriolage. Quelles normes de construction de portes devrions-nous prendre [&hellip;]","og_url":"https:\/\/profalkielce.pl\/fr\/normes-pour-les-portes-exterieures\/","og_site_name":"Profal","article_publisher":"https:\/\/www.facebook.com\/fabrykaprofalkielce","article_published_time":"2023-06-02T23:14:35+00:00","og_image":[{"width":1000,"height":727,"url":"https:\/\/profalkielce.pl\/wp-content\/uploads\/2023\/07\/colorful-doors-blue-and-white-front-doors-in-a-vi-2022-05-14-08-37-31-utc.jpg","type":"image\/jpeg"}],"author":"Marcin","twitter_card":"summary_large_image","twitter_misc":{"\u00c9crit par":"Marcin","Dur\u00e9e de lecture estim\u00e9e":"4 minutes"},"schema":{"@context":"https:\/\/schema.org","@graph":[{"@type":"Article","@id":"https:\/\/profalkielce.pl\/fr\/normes-pour-les-portes-exterieures\/#article","isPartOf":{"@id":"https:\/\/profalkielce.pl\/fr\/normes-pour-les-portes-exterieures\/"},"author":{"name":"Marcin","@id":"https:\/\/profalkielce.pl\/fr\/#\/schema\/person\/5361fee45f3284bb59340f61e219cea0"},"headline":"Normes pour les portes ext\u00e9rieures","datePublished":"2023-06-02T23:14:35+00:00","mainEntityOfPage":{"@id":"https:\/\/profalkielce.pl\/fr\/normes-pour-les-portes-exterieures\/"},"wordCount":750,"commentCount":0,"publisher":{"@id":"https:\/\/profalkielce.pl\/fr\/#organization"},"image":{"@id":"https:\/\/profalkielce.pl\/fr\/normes-pour-les-portes-exterieures\/#primaryimage"},"thumbnailUrl":"https:\/\/profalkielce.pl\/wp-content\/uploads\/2023\/07\/colorful-doors-blue-and-white-front-doors-in-a-vi-2022-05-14-08-37-31-utc.jpg","articleSection":["Non classifi\u00e9(e)"],"inLanguage":"fr-FR","potentialAction":[{"@type":"CommentAction","name":"Comment","target":["https:\/\/profalkielce.pl\/fr\/normes-pour-les-portes-exterieures\/#respond"]}]},{"@type":"WebPage","@id":"https:\/\/profalkielce.pl\/fr\/normes-pour-les-portes-exterieures\/","url":"https:\/\/profalkielce.pl\/fr\/normes-pour-les-portes-exterieures\/","name":"Normes pour les portes ext\u00e9rieures | Profal","isPartOf":{"@id":"https:\/\/profalkielce.pl\/fr\/#website"},"primaryImageOfPage":{"@id":"https:\/\/profalkielce.pl\/fr\/normes-pour-les-portes-exterieures\/#primaryimage"},"image":{"@id":"https:\/\/profalkielce.pl\/fr\/normes-pour-les-portes-exterieures\/#primaryimage"},"thumbnailUrl":"https:\/\/profalkielce.pl\/wp-content\/uploads\/2023\/07\/colorful-doors-blue-and-white-front-doors-in-a-vi-2022-05-14-08-37-31-utc.jpg","datePublished":"2023-06-02T23:14:35+00:00","breadcrumb":{"@id":"https:\/\/profalkielce.pl\/fr\/normes-pour-les-portes-exterieures\/#breadcrumb"},"inLanguage":"fr-FR","potentialAction":[{"@type":"ReadAction","target":["https:\/\/profalkielce.pl\/fr\/normes-pour-les-portes-exterieures\/"]}]},{"@type":"ImageObject","inLanguage":"fr-FR","@id":"https:\/\/profalkielce.pl\/fr\/normes-pour-les-portes-exterieures\/#primaryimage","url":"https:\/\/profalkielce.pl\/wp-content\/uploads\/2023\/07\/colorful-doors-blue-and-white-front-doors-in-a-vi-2022-05-14-08-37-31-utc.jpg","contentUrl":"https:\/\/profalkielce.pl\/wp-content\/uploads\/2023\/07\/colorful-doors-blue-and-white-front-doors-in-a-vi-2022-05-14-08-37-31-utc.jpg","width":1000,"height":727,"caption":"systemy drzwiowe profal"},{"@type":"BreadcrumbList","@id":"https:\/\/profalkielce.pl\/fr\/normes-pour-les-portes-exterieures\/#breadcrumb","itemListElement":[{"@type":"ListItem","position":1,"name":"Strona g\u0142\u00f3wna","item":"https:\/\/profalkielce.pl\/fr\/profal\/"},{"@type":"ListItem","position":2,"name":"Normes pour les portes ext\u00e9rieures"}]},{"@type":"WebSite","@id":"https:\/\/profalkielce.pl\/fr\/#website","url":"https:\/\/profalkielce.pl\/fr\/","name":"Profal Kielce","description":"Aluminiowe systemy okienne i drzwiowe","publisher":{"@id":"https:\/\/profalkielce.pl\/fr\/#organization"},"potentialAction":[{"@type":"SearchAction","target":{"@type":"EntryPoint","urlTemplate":"https:\/\/profalkielce.pl\/fr\/?s={search_term_string}"},"query-input":{"@type":"PropertyValueSpecification","valueRequired":true,"valueName":"search_term_string"}}],"inLanguage":"fr-FR"},{"@type":"Organization","@id":"https:\/\/profalkielce.pl\/fr\/#organization","name":"Profal Kielce","url":"https:\/\/profalkielce.pl\/fr\/","logo":{"@type":"ImageObject","inLanguage":"fr-FR","@id":"https:\/\/profalkielce.pl\/fr\/#\/schema\/logo\/image\/","url":"https:\/\/profalkielce.pl\/wp-content\/uploads\/2023\/05\/PROFAL-LOGO-White.svg","contentUrl":"https:\/\/profalkielce.pl\/wp-content\/uploads\/2023\/05\/PROFAL-LOGO-White.svg","width":640,"height":200,"caption":"Profal Kielce"},"image":{"@id":"https:\/\/profalkielce.pl\/fr\/#\/schema\/logo\/image\/"},"sameAs":["https:\/\/www.facebook.com\/fabrykaprofalkielce","https:\/\/www.instagram.com\/profalkielce\/","http:\/\/www.linkedin.com\/company\/profal-kielce"]},{"@type":"Person","@id":"https:\/\/profalkielce.pl\/fr\/#\/schema\/person\/5361fee45f3284bb59340f61e219cea0","name":"Marcin","image":{"@type":"ImageObject","inLanguage":"fr-FR","@id":"https:\/\/secure.gravatar.com\/avatar\/9899efda1e7f39c6f5afce851e0fc76f4d9fde347997681ee7a94d490ab8884b?s=96&d=mm&r=g","url":"https:\/\/secure.gravatar.com\/avatar\/9899efda1e7f39c6f5afce851e0fc76f4d9fde347997681ee7a94d490ab8884b?s=96&d=mm&r=g","contentUrl":"https:\/\/secure.gravatar.com\/avatar\/9899efda1e7f39c6f5afce851e0fc76f4d9fde347997681ee7a94d490ab8884b?s=96&d=mm&r=g","caption":"Marcin"},"url":"https:\/\/profalkielce.pl\/fr\/author\/marcin\/"}]}},"_links":{"self":[{"href":"https:\/\/profalkielce.pl\/fr\/wp-json\/wp\/v2\/posts\/11740","targetHints":{"allow":["GET"]}}],"collection":[{"href":"https:\/\/profalkielce.pl\/fr\/wp-json\/wp\/v2\/posts"}],"about":[{"href":"https:\/\/profalkielce.pl\/fr\/wp-json\/wp\/v2\/types\/post"}],"author":[{"embeddable":true,"href":"https:\/\/profalkielce.pl\/fr\/wp-json\/wp\/v2\/users\/6"}],"replies":[{"embeddable":true,"href":"https:\/\/profalkielce.pl\/fr\/wp-json\/wp\/v2\/comments?post=11740"}],"version-history":[{"count":0,"href":"https:\/\/profalkielce.pl\/fr\/wp-json\/wp\/v2\/posts\/11740\/revisions"}],"wp:featuredmedia":[{"embeddable":true,"href":"https:\/\/profalkielce.pl\/fr\/wp-json\/wp\/v2\/media\/6244"}],"wp:attachment":[{"href":"https:\/\/profalkielce.pl\/fr\/wp-json\/wp\/v2\/media?parent=11740"}],"wp:term":[{"taxonomy":"category","embeddable":true,"href":"https:\/\/profalkielce.pl\/fr\/wp-json\/wp\/v2\/categories?post=11740"},{"taxonomy":"post_tag","embeddable":true,"href":"https:\/\/profalkielce.pl\/fr\/wp-json\/wp\/v2\/tags?post=11740"}],"curies":[{"name":"wp","href":"https:\/\/api.w.org\/{rel}","templated":true}]}}