{"id":11746,"date":"2023-04-22T21:23:50","date_gmt":"2023-04-22T21:23:50","guid":{"rendered":"https:\/\/profalkielce.pl\/pourquoi-les-fenetres-en-aluminium-sont-elles-ecologiques\/"},"modified":"2023-04-22T21:23:50","modified_gmt":"2023-04-22T21:23:50","slug":"pourquoi-les-fenetres-en-aluminium-sont-elles-ecologiques","status":"publish","type":"post","link":"https:\/\/profalkielce.pl\/fr\/pourquoi-les-fenetres-en-aluminium-sont-elles-ecologiques\/","title":{"rendered":"Pourquoi les fen\u00eatres en aluminium sont-elles \u00e9cologiques?"},"content":{"rendered":"<p><span style=\"font-weight: 400;\">De nos jours, de plus en plus de gens essaient de vivre dans <\/span><b>un environnement<\/b> \u00e9cologique<span style=\"font-weight: 400;\">  mani\u00e8re. Aussi  <\/span><span style=\"font-weight: 400;\"> Il y<\/span> a <b> des tendances pro-\u00e9cologiques<\/b> <b>dans l\u2019industrie de la construction<\/b><span style=\"font-weight: 400;\">. Il convient de souligner que l\u2019une de ces solutions \u00e0 la mode sont les maisons passives qui n\u00e9cessitent une finition appropri\u00e9e. Dans cette affaire, un fragment tr\u00e8s cl\u00e9 sera correctement adapt\u00e9 aux fen\u00eatres.<\/span><\/p>\n<h2><span style=\"font-weight: 400;\">Fen\u00eatres en aluminium et \u00e9cologie<\/span><\/h2>\n<p><span style=\"font-weight: 400;\">Beaucoup de gens se demandent pourquoi <\/span><span style=\"font-weight: 400;\">les fen\u00eatres en aluminium<\/span><span style=\"font-weight: 400;\">  Ils ont gagn\u00e9 le nom de \u00e9cologiques. C\u2019est principalement parce qu\u2019ils ont une excellente isolation thermique. Il convient de noter que  <\/span><b>Menuiserie de fen\u00eatre moderne<\/b><span style=\"font-weight: 400;\">  Fait d\u2019aluminium devrait minimiser efficacement la perte d\u2019\u00e9nergie thermique, afin que nous puissions \u00e9conomiser beaucoup d\u2019argent. En outre  <\/span><b>Fen\u00eatres en aluminium<\/b><span style=\"font-weight: 400;\">  nous permettra de mieux prendre soin de notre environnement naturel. En outre, les maisons passives dans lesquelles des fen\u00eatres en aluminium sont utilis\u00e9es sont con\u00e7ues de mani\u00e8re \u00e0 permettre l\u2019utilisation la plus efficace de la lumi\u00e8re naturelle. Pour cette raison, l\u2019un des murs d\u2019un tel b\u00e2timent \u2013 g\u00e9n\u00e9ralement celui situ\u00e9 du c\u00f4t\u00e9 sud \u2013 a une tr\u00e8s grande surface vitr\u00e9e. Dans ce cas, la mise en \u0153uvre de ce type de projet sera possible avec l\u2019utilisation de fen\u00eatres en aluminium offrant une tr\u00e8s grande libert\u00e9 \u2013 en particulier en termes de cr\u00e9ation de structures extraordinaires. Il convient de rappeler que le mur presque enti\u00e8rement vitr\u00e9 nous permettra d\u2019utiliser la lumi\u00e8re du jour dans une bien plus grande mesure, et leur  <\/span><b>Excellente isolation thermique<\/b><span style=\"font-weight: 400;\">  Cela ne vous permettra pas de perdre beaucoup de chaleur. De cette fa\u00e7on, nous pourrons \u00e9conomiser non seulement de la chaleur, mais aussi de l\u2019\u00e9lectricit\u00e9, n\u00e9cessaire pour \u00e9clairer les pi\u00e8ces. De plus, les profil\u00e9s en aluminium nous permettront de cr\u00e9er des puits de lumi\u00e8re tr\u00e8s int\u00e9ressants dans diff\u00e9rentes pi\u00e8ces \u2013 de cette fa\u00e7on, vous pouvez obtenir des  <\/span><b>\u00e9clairage \u00e9cologique<\/b> en de <span style=\"font-weight: 400;\"> nombreux points de notre maison.<\/span><\/p>\n<h2><span style=\"font-weight: 400;\">Fen\u00eatres en PVC et aluminium<\/span><\/h2>\n<p><span style=\"font-weight: 400;\">Chlorure de polyvinyle<\/span><span style=\"font-weight: 400;\">  Il a de nombreux substituts, \u00e0 la fois naturels et synth\u00e9tiques. Il convient de souligner que la tentative d\u2019abandonner l\u2019utilisation du PVC dans la production  <\/span><b>menuiserie de fen\u00eatre<\/b><span style=\"font-weight: 400;\">  peut entra\u00eener une d\u00e9gradation beaucoup plus importante de l\u2019environnement naturel. En outre, la consommation de mat\u00e9riaux naturels serait consid\u00e9rablement augment\u00e9e par rapport \u00e0 ce qu\u2019elle est actuellement. Toutes les histoires sur les substances dangereuses pour les membres du m\u00e9nage, qui sont cens\u00e9es \u00eatre contenues dans les fen\u00eatres en PVC, sont un mythe. Il convient de rappeler que les fen\u00eatres en PVC n\u2019\u00e9mettront pas de substances nocives et ne nuiront pas \u00e0 la sant\u00e9 humaine ou \u00e0 l\u2019environnement. Il est vrai que certains mat\u00e9riaux de cadre seront plus difficiles \u00e0 \u00e9liminer que le bois, par exemple, mais ils seront recycl\u00e9s \u2013 de cette fa\u00e7on, ils peuvent \u00eatre utilis\u00e9s plusieurs fois. Il convient \u00e9galement de noter que la r\u00e9utilisation des mat\u00e9riaux devrait r\u00e9duire la quantit\u00e9 de d\u00e9chets produits. En outre, il r\u00e9duit efficacement les co\u00fbts de production des nouveaux produits.  <\/span><\/p>\n<h2><span style=\"font-weight: 400;\">Fen\u00eatres en aluminium<\/span><\/h2>\n<p><span style=\"font-weight: 400;\">Sur le march\u00e9, vous trouverez de nombreuses<\/span><b> fen\u00eatres en aluminium<\/b> int\u00e9ressantes<span style=\"font-weight: 400;\">qui sont enti\u00e8rement \u00e9cologiques. Bien s\u00fbr, ils n\u2019ont pas besoin d\u2019\u00eatre caract\u00e9ris\u00e9s par une apparence brute tout de suite, car la couleur des profil\u00e9s en aluminium peut \u00eatre s\u00e9lectionn\u00e9e selon nos besoins individuels. De cette fa\u00e7on, nous n\u2019avons pas \u00e0 chercher un compromis entre des fen\u00eatres attrayantes et enti\u00e8rement \u00e9cologiques. Il convient de souligner que  <\/span><b>S\u00e9lection de fen\u00eatres en aluminium<\/b><span style=\"font-weight: 400;\">  Cela nous garantira ces deux qualit\u00e9s d\u2019un seul coup. Ils s\u2019int\u00e9greront parfaitement dans diverses constructions \u2013 pour cette raison, ce sont des fen\u00eatres pour pratiquement chaque personne. Il convient de rappeler que vous ne devriez acheter des fen\u00eatres en aluminium qu\u2019aupr\u00e8s de fabricants \u00e9prouv\u00e9s et r\u00e9put\u00e9s, car il s\u2019agit d\u2019un achat depuis des ann\u00e9es.<\/span><\/p>\n","protected":false},"excerpt":{"rendered":"<p>De nos jours, de plus en plus de gens essaient de vivre dans un environnement \u00e9cologique mani\u00e8re. Aussi Il y a des tendances pro-\u00e9cologiques dans l\u2019industrie de la construction. Il convient de souligner que l\u2019une de ces solutions \u00e0 la mode sont les maisons passives qui n\u00e9cessitent une finition appropri\u00e9e. Dans cette affaire, un fragment [&hellip;]<\/p>\n","protected":false},"author":6,"featured_media":6193,"comment_status":"open","ping_status":"open","sticky":false,"template":"","format":"standard","meta":{"footnotes":""},"categories":[46],"tags":[],"class_list":["post-11746","post","type-post","status-publish","format-standard","has-post-thumbnail","hentry","category-non-classifiee"],"yoast_head":"<!-- This site is optimized with the Yoast SEO plugin v27.3 - https:\/\/yoast.com\/product\/yoast-seo-wordpress\/ -->\n<title>Pourquoi les fen\u00eatres en aluminium sont-elles \u00e9cologiques? | Profal<\/title>\n<meta name=\"robots\" content=\"index, follow, max-snippet:-1, max-image-preview:large, max-video-preview:-1\" \/>\n<link rel=\"canonical\" href=\"https:\/\/profalkielce.pl\/fr\/pourquoi-les-fenetres-en-aluminium-sont-elles-ecologiques\/\" \/>\n<meta property=\"og:locale\" content=\"fr_FR\" \/>\n<meta property=\"og:type\" content=\"article\" \/>\n<meta property=\"og:title\" content=\"Pourquoi les fen\u00eatres en aluminium sont-elles \u00e9cologiques? | Profal\" \/>\n<meta property=\"og:description\" content=\"De nos jours, de plus en plus de gens essaient de vivre dans un environnement \u00e9cologique mani\u00e8re. Aussi Il y a des tendances pro-\u00e9cologiques dans l\u2019industrie de la construction. Il convient de souligner que l\u2019une de ces solutions \u00e0 la mode sont les maisons passives qui n\u00e9cessitent une finition appropri\u00e9e. Dans cette affaire, un fragment [&hellip;]\" \/>\n<meta property=\"og:url\" content=\"https:\/\/profalkielce.pl\/fr\/pourquoi-les-fenetres-en-aluminium-sont-elles-ecologiques\/\" \/>\n<meta property=\"og:site_name\" content=\"Profal\" \/>\n<meta property=\"article:publisher\" content=\"https:\/\/www.facebook.com\/fabrykaprofalkielce\" \/>\n<meta property=\"article:published_time\" content=\"2023-04-22T21:23:50+00:00\" \/>\n<meta property=\"og:image\" content=\"https:\/\/profalkielce.pl\/wp-content\/uploads\/2023\/07\/a-ginger-kitten-lies-on-the-windowsill-next-to-pla-2021-09-03-16-19-54-utc-scaled-1.jpg\" \/>\n\t<meta property=\"og:image:width\" content=\"2560\" \/>\n\t<meta property=\"og:image:height\" content=\"1706\" \/>\n\t<meta property=\"og:image:type\" content=\"image\/jpeg\" \/>\n<meta name=\"author\" content=\"Marcin\" \/>\n<meta name=\"twitter:card\" content=\"summary_large_image\" \/>\n<meta name=\"twitter:label1\" content=\"\u00c9crit par\" \/>\n\t<meta name=\"twitter:data1\" content=\"Marcin\" \/>\n\t<meta name=\"twitter:label2\" content=\"Dur\u00e9e de lecture estim\u00e9e\" \/>\n\t<meta name=\"twitter:data2\" content=\"4 minutes\" \/>\n<script type=\"application\/ld+json\" class=\"yoast-schema-graph\">{\"@context\":\"https:\\\/\\\/schema.org\",\"@graph\":[{\"@type\":\"Article\",\"@id\":\"https:\\\/\\\/profalkielce.pl\\\/fr\\\/pourquoi-les-fenetres-en-aluminium-sont-elles-ecologiques\\\/#article\",\"isPartOf\":{\"@id\":\"https:\\\/\\\/profalkielce.pl\\\/fr\\\/pourquoi-les-fenetres-en-aluminium-sont-elles-ecologiques\\\/\"},\"author\":{\"name\":\"Marcin\",\"@id\":\"https:\\\/\\\/profalkielce.pl\\\/fr\\\/#\\\/schema\\\/person\\\/5361fee45f3284bb59340f61e219cea0\"},\"headline\":\"Pourquoi les fen\u00eatres en aluminium sont-elles \u00e9cologiques?\",\"datePublished\":\"2023-04-22T21:23:50+00:00\",\"mainEntityOfPage\":{\"@id\":\"https:\\\/\\\/profalkielce.pl\\\/fr\\\/pourquoi-les-fenetres-en-aluminium-sont-elles-ecologiques\\\/\"},\"wordCount\":717,\"commentCount\":0,\"publisher\":{\"@id\":\"https:\\\/\\\/profalkielce.pl\\\/fr\\\/#organization\"},\"image\":{\"@id\":\"https:\\\/\\\/profalkielce.pl\\\/fr\\\/pourquoi-les-fenetres-en-aluminium-sont-elles-ecologiques\\\/#primaryimage\"},\"thumbnailUrl\":\"https:\\\/\\\/profalkielce.pl\\\/wp-content\\\/uploads\\\/2023\\\/07\\\/a-ginger-kitten-lies-on-the-windowsill-next-to-pla-2021-09-03-16-19-54-utc-scaled-1.jpg\",\"articleSection\":[\"Non classifi\u00e9(e)\"],\"inLanguage\":\"fr-FR\",\"potentialAction\":[{\"@type\":\"CommentAction\",\"name\":\"Comment\",\"target\":[\"https:\\\/\\\/profalkielce.pl\\\/fr\\\/pourquoi-les-fenetres-en-aluminium-sont-elles-ecologiques\\\/#respond\"]}]},{\"@type\":\"WebPage\",\"@id\":\"https:\\\/\\\/profalkielce.pl\\\/fr\\\/pourquoi-les-fenetres-en-aluminium-sont-elles-ecologiques\\\/\",\"url\":\"https:\\\/\\\/profalkielce.pl\\\/fr\\\/pourquoi-les-fenetres-en-aluminium-sont-elles-ecologiques\\\/\",\"name\":\"Pourquoi les fen\u00eatres en aluminium sont-elles \u00e9cologiques? | Profal\",\"isPartOf\":{\"@id\":\"https:\\\/\\\/profalkielce.pl\\\/fr\\\/#website\"},\"primaryImageOfPage\":{\"@id\":\"https:\\\/\\\/profalkielce.pl\\\/fr\\\/pourquoi-les-fenetres-en-aluminium-sont-elles-ecologiques\\\/#primaryimage\"},\"image\":{\"@id\":\"https:\\\/\\\/profalkielce.pl\\\/fr\\\/pourquoi-les-fenetres-en-aluminium-sont-elles-ecologiques\\\/#primaryimage\"},\"thumbnailUrl\":\"https:\\\/\\\/profalkielce.pl\\\/wp-content\\\/uploads\\\/2023\\\/07\\\/a-ginger-kitten-lies-on-the-windowsill-next-to-pla-2021-09-03-16-19-54-utc-scaled-1.jpg\",\"datePublished\":\"2023-04-22T21:23:50+00:00\",\"breadcrumb\":{\"@id\":\"https:\\\/\\\/profalkielce.pl\\\/fr\\\/pourquoi-les-fenetres-en-aluminium-sont-elles-ecologiques\\\/#breadcrumb\"},\"inLanguage\":\"fr-FR\",\"potentialAction\":[{\"@type\":\"ReadAction\",\"target\":[\"https:\\\/\\\/profalkielce.pl\\\/fr\\\/pourquoi-les-fenetres-en-aluminium-sont-elles-ecologiques\\\/\"]}]},{\"@type\":\"ImageObject\",\"inLanguage\":\"fr-FR\",\"@id\":\"https:\\\/\\\/profalkielce.pl\\\/fr\\\/pourquoi-les-fenetres-en-aluminium-sont-elles-ecologiques\\\/#primaryimage\",\"url\":\"https:\\\/\\\/profalkielce.pl\\\/wp-content\\\/uploads\\\/2023\\\/07\\\/a-ginger-kitten-lies-on-the-windowsill-next-to-pla-2021-09-03-16-19-54-utc-scaled-1.jpg\",\"contentUrl\":\"https:\\\/\\\/profalkielce.pl\\\/wp-content\\\/uploads\\\/2023\\\/07\\\/a-ginger-kitten-lies-on-the-windowsill-next-to-pla-2021-09-03-16-19-54-utc-scaled-1.jpg\",\"width\":2560,\"height\":1706,\"caption\":\"aluminiowe systemy okienne i drzwiowe\"},{\"@type\":\"BreadcrumbList\",\"@id\":\"https:\\\/\\\/profalkielce.pl\\\/fr\\\/pourquoi-les-fenetres-en-aluminium-sont-elles-ecologiques\\\/#breadcrumb\",\"itemListElement\":[{\"@type\":\"ListItem\",\"position\":1,\"name\":\"Strona g\u0142\u00f3wna\",\"item\":\"https:\\\/\\\/profalkielce.pl\\\/fr\\\/profal\\\/\"},{\"@type\":\"ListItem\",\"position\":2,\"name\":\"Pourquoi les fen\u00eatres en aluminium sont-elles \u00e9cologiques?\"}]},{\"@type\":\"WebSite\",\"@id\":\"https:\\\/\\\/profalkielce.pl\\\/fr\\\/#website\",\"url\":\"https:\\\/\\\/profalkielce.pl\\\/fr\\\/\",\"name\":\"Profal Kielce\",\"description\":\"Aluminiowe systemy okienne i drzwiowe\",\"publisher\":{\"@id\":\"https:\\\/\\\/profalkielce.pl\\\/fr\\\/#organization\"},\"potentialAction\":[{\"@type\":\"SearchAction\",\"target\":{\"@type\":\"EntryPoint\",\"urlTemplate\":\"https:\\\/\\\/profalkielce.pl\\\/fr\\\/?s={search_term_string}\"},\"query-input\":{\"@type\":\"PropertyValueSpecification\",\"valueRequired\":true,\"valueName\":\"search_term_string\"}}],\"inLanguage\":\"fr-FR\"},{\"@type\":\"Organization\",\"@id\":\"https:\\\/\\\/profalkielce.pl\\\/fr\\\/#organization\",\"name\":\"Profal Kielce\",\"url\":\"https:\\\/\\\/profalkielce.pl\\\/fr\\\/\",\"logo\":{\"@type\":\"ImageObject\",\"inLanguage\":\"fr-FR\",\"@id\":\"https:\\\/\\\/profalkielce.pl\\\/fr\\\/#\\\/schema\\\/logo\\\/image\\\/\",\"url\":\"https:\\\/\\\/profalkielce.pl\\\/wp-content\\\/uploads\\\/2023\\\/05\\\/PROFAL-LOGO-White.svg\",\"contentUrl\":\"https:\\\/\\\/profalkielce.pl\\\/wp-content\\\/uploads\\\/2023\\\/05\\\/PROFAL-LOGO-White.svg\",\"width\":640,\"height\":200,\"caption\":\"Profal Kielce\"},\"image\":{\"@id\":\"https:\\\/\\\/profalkielce.pl\\\/fr\\\/#\\\/schema\\\/logo\\\/image\\\/\"},\"sameAs\":[\"https:\\\/\\\/www.facebook.com\\\/fabrykaprofalkielce\",\"https:\\\/\\\/www.instagram.com\\\/profalkielce\\\/\",\"http:\\\/\\\/www.linkedin.com\\\/company\\\/profal-kielce\"]},{\"@type\":\"Person\",\"@id\":\"https:\\\/\\\/profalkielce.pl\\\/fr\\\/#\\\/schema\\\/person\\\/5361fee45f3284bb59340f61e219cea0\",\"name\":\"Marcin\",\"image\":{\"@type\":\"ImageObject\",\"inLanguage\":\"fr-FR\",\"@id\":\"https:\\\/\\\/secure.gravatar.com\\\/avatar\\\/9899efda1e7f39c6f5afce851e0fc76f4d9fde347997681ee7a94d490ab8884b?s=96&d=mm&r=g\",\"url\":\"https:\\\/\\\/secure.gravatar.com\\\/avatar\\\/9899efda1e7f39c6f5afce851e0fc76f4d9fde347997681ee7a94d490ab8884b?s=96&d=mm&r=g\",\"contentUrl\":\"https:\\\/\\\/secure.gravatar.com\\\/avatar\\\/9899efda1e7f39c6f5afce851e0fc76f4d9fde347997681ee7a94d490ab8884b?s=96&d=mm&r=g\",\"caption\":\"Marcin\"},\"url\":\"https:\\\/\\\/profalkielce.pl\\\/fr\\\/author\\\/marcin\\\/\"}]}<\/script>\n<!-- \/ Yoast SEO plugin. -->","yoast_head_json":{"title":"Pourquoi les fen\u00eatres en aluminium sont-elles \u00e9cologiques? | Profal","robots":{"index":"index","follow":"follow","max-snippet":"max-snippet:-1","max-image-preview":"max-image-preview:large","max-video-preview":"max-video-preview:-1"},"canonical":"https:\/\/profalkielce.pl\/fr\/pourquoi-les-fenetres-en-aluminium-sont-elles-ecologiques\/","og_locale":"fr_FR","og_type":"article","og_title":"Pourquoi les fen\u00eatres en aluminium sont-elles \u00e9cologiques? | Profal","og_description":"De nos jours, de plus en plus de gens essaient de vivre dans un environnement \u00e9cologique mani\u00e8re. Aussi Il y a des tendances pro-\u00e9cologiques dans l\u2019industrie de la construction. Il convient de souligner que l\u2019une de ces solutions \u00e0 la mode sont les maisons passives qui n\u00e9cessitent une finition appropri\u00e9e. Dans cette affaire, un fragment [&hellip;]","og_url":"https:\/\/profalkielce.pl\/fr\/pourquoi-les-fenetres-en-aluminium-sont-elles-ecologiques\/","og_site_name":"Profal","article_publisher":"https:\/\/www.facebook.com\/fabrykaprofalkielce","article_published_time":"2023-04-22T21:23:50+00:00","og_image":[{"width":2560,"height":1706,"url":"https:\/\/profalkielce.pl\/wp-content\/uploads\/2023\/07\/a-ginger-kitten-lies-on-the-windowsill-next-to-pla-2021-09-03-16-19-54-utc-scaled-1.jpg","type":"image\/jpeg"}],"author":"Marcin","twitter_card":"summary_large_image","twitter_misc":{"\u00c9crit par":"Marcin","Dur\u00e9e de lecture estim\u00e9e":"4 minutes"},"schema":{"@context":"https:\/\/schema.org","@graph":[{"@type":"Article","@id":"https:\/\/profalkielce.pl\/fr\/pourquoi-les-fenetres-en-aluminium-sont-elles-ecologiques\/#article","isPartOf":{"@id":"https:\/\/profalkielce.pl\/fr\/pourquoi-les-fenetres-en-aluminium-sont-elles-ecologiques\/"},"author":{"name":"Marcin","@id":"https:\/\/profalkielce.pl\/fr\/#\/schema\/person\/5361fee45f3284bb59340f61e219cea0"},"headline":"Pourquoi les fen\u00eatres en aluminium sont-elles \u00e9cologiques?","datePublished":"2023-04-22T21:23:50+00:00","mainEntityOfPage":{"@id":"https:\/\/profalkielce.pl\/fr\/pourquoi-les-fenetres-en-aluminium-sont-elles-ecologiques\/"},"wordCount":717,"commentCount":0,"publisher":{"@id":"https:\/\/profalkielce.pl\/fr\/#organization"},"image":{"@id":"https:\/\/profalkielce.pl\/fr\/pourquoi-les-fenetres-en-aluminium-sont-elles-ecologiques\/#primaryimage"},"thumbnailUrl":"https:\/\/profalkielce.pl\/wp-content\/uploads\/2023\/07\/a-ginger-kitten-lies-on-the-windowsill-next-to-pla-2021-09-03-16-19-54-utc-scaled-1.jpg","articleSection":["Non classifi\u00e9(e)"],"inLanguage":"fr-FR","potentialAction":[{"@type":"CommentAction","name":"Comment","target":["https:\/\/profalkielce.pl\/fr\/pourquoi-les-fenetres-en-aluminium-sont-elles-ecologiques\/#respond"]}]},{"@type":"WebPage","@id":"https:\/\/profalkielce.pl\/fr\/pourquoi-les-fenetres-en-aluminium-sont-elles-ecologiques\/","url":"https:\/\/profalkielce.pl\/fr\/pourquoi-les-fenetres-en-aluminium-sont-elles-ecologiques\/","name":"Pourquoi les fen\u00eatres en aluminium sont-elles \u00e9cologiques? | Profal","isPartOf":{"@id":"https:\/\/profalkielce.pl\/fr\/#website"},"primaryImageOfPage":{"@id":"https:\/\/profalkielce.pl\/fr\/pourquoi-les-fenetres-en-aluminium-sont-elles-ecologiques\/#primaryimage"},"image":{"@id":"https:\/\/profalkielce.pl\/fr\/pourquoi-les-fenetres-en-aluminium-sont-elles-ecologiques\/#primaryimage"},"thumbnailUrl":"https:\/\/profalkielce.pl\/wp-content\/uploads\/2023\/07\/a-ginger-kitten-lies-on-the-windowsill-next-to-pla-2021-09-03-16-19-54-utc-scaled-1.jpg","datePublished":"2023-04-22T21:23:50+00:00","breadcrumb":{"@id":"https:\/\/profalkielce.pl\/fr\/pourquoi-les-fenetres-en-aluminium-sont-elles-ecologiques\/#breadcrumb"},"inLanguage":"fr-FR","potentialAction":[{"@type":"ReadAction","target":["https:\/\/profalkielce.pl\/fr\/pourquoi-les-fenetres-en-aluminium-sont-elles-ecologiques\/"]}]},{"@type":"ImageObject","inLanguage":"fr-FR","@id":"https:\/\/profalkielce.pl\/fr\/pourquoi-les-fenetres-en-aluminium-sont-elles-ecologiques\/#primaryimage","url":"https:\/\/profalkielce.pl\/wp-content\/uploads\/2023\/07\/a-ginger-kitten-lies-on-the-windowsill-next-to-pla-2021-09-03-16-19-54-utc-scaled-1.jpg","contentUrl":"https:\/\/profalkielce.pl\/wp-content\/uploads\/2023\/07\/a-ginger-kitten-lies-on-the-windowsill-next-to-pla-2021-09-03-16-19-54-utc-scaled-1.jpg","width":2560,"height":1706,"caption":"aluminiowe systemy okienne i drzwiowe"},{"@type":"BreadcrumbList","@id":"https:\/\/profalkielce.pl\/fr\/pourquoi-les-fenetres-en-aluminium-sont-elles-ecologiques\/#breadcrumb","itemListElement":[{"@type":"ListItem","position":1,"name":"Strona g\u0142\u00f3wna","item":"https:\/\/profalkielce.pl\/fr\/profal\/"},{"@type":"ListItem","position":2,"name":"Pourquoi les fen\u00eatres en aluminium sont-elles \u00e9cologiques?"}]},{"@type":"WebSite","@id":"https:\/\/profalkielce.pl\/fr\/#website","url":"https:\/\/profalkielce.pl\/fr\/","name":"Profal Kielce","description":"Aluminiowe systemy okienne i drzwiowe","publisher":{"@id":"https:\/\/profalkielce.pl\/fr\/#organization"},"potentialAction":[{"@type":"SearchAction","target":{"@type":"EntryPoint","urlTemplate":"https:\/\/profalkielce.pl\/fr\/?s={search_term_string}"},"query-input":{"@type":"PropertyValueSpecification","valueRequired":true,"valueName":"search_term_string"}}],"inLanguage":"fr-FR"},{"@type":"Organization","@id":"https:\/\/profalkielce.pl\/fr\/#organization","name":"Profal Kielce","url":"https:\/\/profalkielce.pl\/fr\/","logo":{"@type":"ImageObject","inLanguage":"fr-FR","@id":"https:\/\/profalkielce.pl\/fr\/#\/schema\/logo\/image\/","url":"https:\/\/profalkielce.pl\/wp-content\/uploads\/2023\/05\/PROFAL-LOGO-White.svg","contentUrl":"https:\/\/profalkielce.pl\/wp-content\/uploads\/2023\/05\/PROFAL-LOGO-White.svg","width":640,"height":200,"caption":"Profal Kielce"},"image":{"@id":"https:\/\/profalkielce.pl\/fr\/#\/schema\/logo\/image\/"},"sameAs":["https:\/\/www.facebook.com\/fabrykaprofalkielce","https:\/\/www.instagram.com\/profalkielce\/","http:\/\/www.linkedin.com\/company\/profal-kielce"]},{"@type":"Person","@id":"https:\/\/profalkielce.pl\/fr\/#\/schema\/person\/5361fee45f3284bb59340f61e219cea0","name":"Marcin","image":{"@type":"ImageObject","inLanguage":"fr-FR","@id":"https:\/\/secure.gravatar.com\/avatar\/9899efda1e7f39c6f5afce851e0fc76f4d9fde347997681ee7a94d490ab8884b?s=96&d=mm&r=g","url":"https:\/\/secure.gravatar.com\/avatar\/9899efda1e7f39c6f5afce851e0fc76f4d9fde347997681ee7a94d490ab8884b?s=96&d=mm&r=g","contentUrl":"https:\/\/secure.gravatar.com\/avatar\/9899efda1e7f39c6f5afce851e0fc76f4d9fde347997681ee7a94d490ab8884b?s=96&d=mm&r=g","caption":"Marcin"},"url":"https:\/\/profalkielce.pl\/fr\/author\/marcin\/"}]}},"_links":{"self":[{"href":"https:\/\/profalkielce.pl\/fr\/wp-json\/wp\/v2\/posts\/11746","targetHints":{"allow":["GET"]}}],"collection":[{"href":"https:\/\/profalkielce.pl\/fr\/wp-json\/wp\/v2\/posts"}],"about":[{"href":"https:\/\/profalkielce.pl\/fr\/wp-json\/wp\/v2\/types\/post"}],"author":[{"embeddable":true,"href":"https:\/\/profalkielce.pl\/fr\/wp-json\/wp\/v2\/users\/6"}],"replies":[{"embeddable":true,"href":"https:\/\/profalkielce.pl\/fr\/wp-json\/wp\/v2\/comments?post=11746"}],"version-history":[{"count":0,"href":"https:\/\/profalkielce.pl\/fr\/wp-json\/wp\/v2\/posts\/11746\/revisions"}],"wp:featuredmedia":[{"embeddable":true,"href":"https:\/\/profalkielce.pl\/fr\/wp-json\/wp\/v2\/media\/6193"}],"wp:attachment":[{"href":"https:\/\/profalkielce.pl\/fr\/wp-json\/wp\/v2\/media?parent=11746"}],"wp:term":[{"taxonomy":"category","embeddable":true,"href":"https:\/\/profalkielce.pl\/fr\/wp-json\/wp\/v2\/categories?post=11746"},{"taxonomy":"post_tag","embeddable":true,"href":"https:\/\/profalkielce.pl\/fr\/wp-json\/wp\/v2\/tags?post=11746"}],"curies":[{"name":"wp","href":"https:\/\/api.w.org\/{rel}","templated":true}]}}